{"id":10382,"global_id":"majordocs.org\/ca\/?id=10382","global_id_lineage":["majordocs.org\/ca\/?id=10382"],"author":"2","status":"publish","date":"2021-08-09 18:10:28","date_utc":"2021-08-09 16:10:28","modified":"2021-09-16 13:10:57","modified_utc":"2021-09-16 11:10:57","url":"https:\/\/majordocs.org\/ca\/event\/re-produir-la-no-ficcio\/","rest_url":"https:\/\/majordocs.org\/ca\/wp-json\/tribe\/events\/v1\/events\/10382","title":"(Re)produir la no-ficci\u00f3","description":"<p>Una radiografia de la situaci\u00f3 actual del cinema documental on els principals agents d&#8217;Espanya i Portugal posaran en com\u00fa les seves experi\u00e8ncies. En col\u00b7laboraci\u00f3 amb <a href=\"https:\/\/www.proafed.com\/associacions\/prodocs\/\" target=\"_blank\" rel=\"noopener noreferrer nofollow\">ProDocs<\/a>, associaci\u00f3 de productors de documental, comptar\u00e0 amb la participaci\u00f3 del seu president Ventura Durall -guionista, director i productor, fundador de la productora <a href=\"http:\/\/nanouk.tv\/ca\/\" target=\"_blank\" rel=\"noopener noreferrer nofollow\">Nanouk Films<\/a>, les obres dels quals han participat a festivals com Locarno, Sundance, IDFA, Sant Sebasti\u00e0 o M\u00e0laga. A ell se li sumaranC\u00edntia Gil, exdirectora del Sheffield Doc\/Fest i del <a href=\"https:\/\/doclisboa.org\/2020\/en\/\" target=\"_blank\" rel=\"noopener noreferrer nofollow\">DocLisboa<\/a> i s\u00f2cia d&#8217;<a href=\"http:\/\/www.apordoc.org\/\" target=\"_blank\" rel=\"noopener noreferrer nofollow\">Apordoc<\/a>, i Andrea Guzm\u00e1n, gestora cultural i fundadora de <a href=\"https:\/\/docma.es\/\" target=\"_blank\" rel=\"noopener noreferrer nofollow\">DOCMA<\/a>, l&#8217;associaci\u00f3 de documentalistes d&#8217;Espanya.<\/p>","excerpt":"","slug":"re-produir-la-no-ficcio","image":{"url":"https:\/\/majordocs.org\/wp-content\/uploads\/2021\/08\/PHOTO-2021-07-24-22-37-42.jpg","id":10833,"extension":"jpg","width":1152,"height":648,"filesize":132497,"sizes":{"woocommerce_thumbnail":{"width":300,"height":300,"mime-type":"image\/jpeg","filesize":23173,"uncropped":false,"url":"https:\/\/majordocs.org\/wp-content\/uploads\/2021\/08\/PHOTO-2021-07-24-22-37-42-300x300.jpg"},"woocommerce_gallery_thumbnail":{"width":100,"height":100,"mime-type":"image\/jpeg","filesize":3302,"url":"https:\/\/majordocs.org\/wp-content\/uploads\/2021\/08\/PHOTO-2021-07-24-22-37-42-100x100.jpg"},"woocommerce_single":{"width":600,"height":338,"mime-type":"image\/jpeg","filesize":51478,"url":"https:\/\/majordocs.org\/wp-content\/uploads\/2021\/08\/PHOTO-2021-07-24-22-37-42-600x338.jpg"},"medium":{"width":300,"height":169,"mime-type":"image\/jpeg","url":"https:\/\/majordocs.org\/wp-content\/uploads\/2021\/08\/PHOTO-2021-07-24-22-37-42-300x169.jpg"},"large":{"width":1024,"height":576,"mime-type":"image\/jpeg","url":"https:\/\/majordocs.org\/wp-content\/uploads\/2021\/08\/PHOTO-2021-07-24-22-37-42-1024x576.jpg"},"thumbnail":{"width":150,"height":150,"mime-type":"image\/jpeg","url":"https:\/\/majordocs.org\/wp-content\/uploads\/2021\/08\/PHOTO-2021-07-24-22-37-42-150x150.jpg"},"medium_large":{"width":768,"height":432,"mime-type":"image\/jpeg","url":"https:\/\/majordocs.org\/wp-content\/uploads\/2021\/08\/PHOTO-2021-07-24-22-37-42-768x432.jpg"},"gallery":{"width":800,"height":450,"mime-type":"image\/jpeg","url":"https:\/\/majordocs.org\/wp-content\/uploads\/2021\/08\/PHOTO-2021-07-24-22-37-42-800x450.jpg"}}},"all_day":false,"start_date":"2021-10-08 12:00:00","start_date_details":{"year":"2021","month":"10","day":"08","hour":"12","minutes":"00","seconds":"00"},"end_date":"2021-10-08 13:30:00","end_date_details":{"year":"2021","month":"10","day":"08","hour":"13","minutes":"30","seconds":"00"},"utc_start_date":"2021-10-08 10:00:00","utc_start_date_details":{"year":"2021","month":"10","day":"08","hour":"10","minutes":"00","seconds":"00"},"utc_end_date":"2021-10-08 11:30:00","utc_end_date_details":{"year":"2021","month":"10","day":"08","hour":"11","minutes":"30","seconds":"00"},"timezone":"Europe\/Madrid","timezone_abbr":"CEST","cost":"","cost_details":{"currency_symbol":"","currency_code":"","currency_position":"suffix","values":[]},"website":"https:\/\/majordocs.org\/ca\/event\/re-produir-la-no-ficcio\/","show_map":false,"show_map_link":false,"hide_from_listings":false,"sticky":false,"featured":false,"categories":[{"name":"Doc Sessions","slug":"doc-sessions-ca","term_group":0,"term_taxonomy_id":544,"taxonomy":"tribe_events_cat","description":"","parent":0,"count":19,"filter":"raw","term_order":"7","id":544,"urls":{"self":"https:\/\/majordocs.org\/ca\/wp-json\/tribe\/events\/v1\/categories\/544","collection":"https:\/\/majordocs.org\/ca\/wp-json\/tribe\/events\/v1\/categories"}}],"tags":[],"venue":{"id":6375,"author":"1","status":"publish","date":"2020-08-12 14:10:33","date_utc":"2020-08-12 12:10:33","modified":"2022-07-19 20:15:02","modified_utc":"2022-07-19 18:15:02","url":"https:\/\/majordocs.org\/ca\/recinte\/fundacio-sa-nostra\/","venue":"Fundaci\u00f3 Sa Nostra","slug":"fundacio-sa-nostra","address":"Carrer de la Concepci\u00f3, 12","city":"Palma","country":"Spain","province":"Illes Balears","zip":"07012","phone":"(+34) 971 59 59 80","website":"http:\/\/w3.fundaciosanostra.es\/es\/centros-y-espacios\/centro-de-cultura-sa-nostra\/","stateprovince":"Illes Balears","json_ld":{"@type":"Place","name":"Fundaci\u00f3 Sa Nostra","description":"","url":"https:\/\/majordocs.org\/ca\/recinte\/fundacio-sa-nostra\/","address":{"@type":"PostalAddress","streetAddress":"Carrer de la Concepci\u00f3, 12","addressLocality":"Palma","addressRegion":"Illes Balears","postalCode":"07012","addressCountry":"Spain"},"telephone":"(+34) 971 59 59 80","sameAs":"http:\/\/w3.fundaciosanostra.es\/es\/centros-y-espacios\/centro-de-cultura-sa-nostra\/"},"show_map":false,"show_map_link":true,"global_id":"majordocs.org\/ca\/?id=6375","global_id_lineage":["majordocs.org\/ca\/?id=6375"]},"organizer":[{"id":6377,"author":"1","status":"publish","date":"2020-08-12 14:11:33","date_utc":"2020-08-12 12:11:33","modified":"2021-08-04 10:26:44","modified_utc":"2021-08-04 08:26:44","url":"https:\/\/majordocs.org\/ca\/organitzador\/majordocs\/","organizer":"MajorDocs","slug":"majordocs","phone":"(+34)636739214","website":"https:\/\/majordocs.org\/ca\/","email":"info@majordocs.org","json_ld":{"@type":"Person","name":"MajorDocs","description":"","url":"https:\/\/majordocs.org\/ca\/","telephone":"(+34)636739214","email":"i&#110;&#102;o&#64;maj&#111;&#114;&#100;o&#99;s.&#111;&#114;g","sameAs":"https:\/\/majordocs.org\/ca\/"},"global_id":"majordocs.org\/ca\/?id=6377","global_id_lineage":["majordocs.org\/ca\/?id=6377"]}],"custom_fields":[],"json_ld":{"@context":"http:\/\/schema.org","@type":"Event","name":"(Re)produir la no-ficci\u00f3","description":"&lt;p&gt;Una radiografia de la situaci\u00f3 actual del cinema documental on els principals agents d\\'Espanya i Portugal posaran en com\u00fa les seves experi\u00e8ncies. En col\u00b7laboraci\u00f3 amb ProDocs, associaci\u00f3 de productors de [&hellip;]&lt;\/p&gt;\\n","image":"https:\/\/majordocs.org\/wp-content\/uploads\/2021\/08\/PHOTO-2021-07-24-22-37-42.jpg","url":"https:\/\/majordocs.org\/ca\/event\/re-produir-la-no-ficcio\/","eventAttendanceMode":"https:\/\/schema.org\/OfflineEventAttendanceMode","eventStatus":"https:\/\/schema.org\/EventScheduled","startDate":"2021-10-08T12:00:00+02:00","endDate":"2021-10-08T13:30:00+02:00","location":{"@type":"Place","name":"Fundaci\u00f3 Sa Nostra","description":"","url":"https:\/\/majordocs.org\/ca\/recinte\/fundacio-sa-nostra\/","address":{"@type":"PostalAddress","streetAddress":"Carrer de la Concepci\u00f3, 12","addressLocality":"Palma","addressRegion":"Illes Balears","postalCode":"07012","addressCountry":"Spain"},"telephone":"(+34) 971 59 59 80","sameAs":"http:\/\/w3.fundaciosanostra.es\/es\/centros-y-espacios\/centro-de-cultura-sa-nostra\/"},"organizer":{"@type":"Person","name":"MajorDocs","description":"","url":"https:\/\/majordocs.org\/ca\/","telephone":"(+34)636739214","email":"&#105;&#110;&#102;&#111;&#64;major&#100;oc&#115;&#46;org","sameAs":"https:\/\/majordocs.org\/ca\/"},"performer":"Organization"}}