{"id":25362,"date":"2024-09-20T16:24:07","date_gmt":"2024-09-20T14:24:07","guid":{"rendered":"https:\/\/majordocs.org\/discover-the-program-of-the-6th-edition-of-majordocs-ca\/"},"modified":"2024-09-20T16:54:15","modified_gmt":"2024-09-20T14:54:15","slug":"discover-the-program-of-the-6th-edition-of-majordocs-ca","status":"publish","type":"post","link":"https:\/\/majordocs.org\/ca\/discover-the-program-of-the-6th-edition-of-majordocs-ca\/","title":{"rendered":"Descobreix el programa de la 6a edici\u00f3 de MajorDocs"},"content":{"rendered":"<h3><strong>MajorDocs presenta la programaci\u00f3 completa <\/strong><strong>de la seva sisena edici\u00f3<\/strong><\/h3>\n<p><strong>\u00a0<\/strong><\/p>\n<ul>\n<li><strong>Les pel\u00b7l\u00edcules de la secci\u00f3 oficial provenen de pa\u00efsos com Hongria, Palestina i Xile, entre d\u2019altres, <\/strong>i tracten temes com el pes de la hist\u00f2ria, la vida d\u2019un grup de mares a un centre penitenciari o la relaci\u00f3 entre els humans i la natura.<\/li>\n<\/ul>\n<p>&nbsp;<\/p>\n<ul>\n<li><strong>La pensadora Marta Azparren hi oferir\u00e0 una masterclass,<\/strong> com tamb\u00e9 ho faran el cineasta Nicolas Philibert, Os d\u2019Or a Berlinale 2023, i el fot\u00f2graf Mauro Herce, qui va rebre el premi Goya per <em>O que arde<\/em>.<\/li>\n<\/ul>\n<p>&nbsp;<\/p>\n<ul>\n<li>La nova edici\u00f3 del festival de cinema documental de Mallorca<strong> se celebrar\u00e0 entre l\u20191 i el 5 d\u2019octubre a Palma<\/strong><\/li>\n<\/ul>\n<p>&nbsp;<\/p>\n<ul>\n<li>Un any m\u00e9s, el festival mant\u00e9n la seva aposta per<strong> acostar la programaci\u00f3 a les escoles amb el programa pioner MajorDocs Educa<\/strong><\/li>\n<\/ul>\n<p>&nbsp;<\/p>\n<ul>\n<li><strong>Les jornades professionals posen el focus en la relaci\u00f3 entre els que filmen i els filmats i comptaran amb 50 convidats nacionals i internacionals<\/strong><\/li>\n<\/ul>\n<p><em>Palma<\/em> &#8211; A poc m\u00e9s de dues setmanes per comen\u00e7ar la seva sisena edici\u00f3, avui s\u2019ha presentat la programaci\u00f3 completa de <strong>MajorDocs, el festival de cinema documental de Mallorca<\/strong>, que es dur\u00e0 a terme de l\u20191 al 5 d\u2019octubre a Palma. A m\u00e9s de <strong>les vuit pel\u00b7l\u00edcules que conformaran la secci\u00f3 oficial, provinents de 6 pa\u00efsos diferents<\/strong>, s\u2019incorpora una secci\u00f3 de curtmetratges balears. Tamb\u00e9 s\u2019ha confirmat la pres\u00e8ncia de la pensadora <strong>Marta Azparren<\/strong>, qui oferir\u00e0 una xerrada sota el t\u00edtol \u201cCine ciego\u201d, sobre la import\u00e0ncia del buit i la pausa per prendre consci\u00e8ncia d\u2019all\u00f2 que miram. Per altra banda, a la roda de premsa que ha tengut lloc a l\u2019hotel Saratoga, tamb\u00e9 s\u2019han detallat algunes de les novetats d\u2019enguany, com la posada en marxa de les resid\u00e8ncies <strong>CalmaDocs<\/strong>, amb cinc projectes participants, o les projeccions de curtmetratges balears que conformen la nova secci\u00f3 a concurs amb nou t\u00edtols.<\/p>\n<p>&nbsp;<\/p>\n<p>El director del festival, Miguel Eek, ha presentat la sisena edici\u00f3 del festival, centrada enguany en la fotografia i el dispositiu f\u00edlmic i en la relaci\u00f3 entre els que fotografien i els que s\u00f3n fotografiats. \u201cTot aix\u00f2 a partir del focus que des de sempre guia el festival,<strong> basat en tres elements: els autors, la creaci\u00f3 i la lentitud<\/strong>\u201d.<\/p>\n<p>&nbsp;<\/p>\n<p><strong>SECCI\u00d3 OFICIAL<\/strong><\/p>\n<p>&nbsp;<\/p>\n<p>La secci\u00f3 oficial d\u2019aquesta sisena edici\u00f3 la conformen vuit llargmetratges de proced\u00e8ncies i tem\u00e0tiques molt diverses, que ens acosten a realitats d\u2019arreu del m\u00f3n des de diferents perspectives i caires, Les vuit pel\u00b7l\u00edcules seleccionades s\u00f3n les seg\u00fcents:<\/p>\n<p>&nbsp;<\/p>\n<ul>\n<li><strong>\u00d4te-toi de mon soleil<\/strong>, dirigida per Messaline Raverdy. El protagonista d\u2019aquest llargmetratge belga \u00e9s un home de nom Joseph de qui diuen que t\u00e9 la s\u00edndrome de Di\u00f2genes i a qui la cineasta s\u2019acosta amb una mirada lliure de prejudicis per descobrir-ne una lucidesa i un humor del tot particulars.<\/li>\n<\/ul>\n<p><strong>\u00a0<\/strong><\/p>\n<ul>\n<li><strong>Bye bye Tiberias<\/strong>, de la cineasta Lina Soualem, qui tresca entre els or\u00edgens de la seva mare, l\u2019actriu Hiam Abass (Succession). D\u2019aix\u00f2 en sorgeix una emotiva hist\u00f2ria de retrobaments, de records i tamb\u00e9 d\u2019anhels entre diferents generacions de dones palestines.<\/li>\n<\/ul>\n<p>&nbsp;<\/p>\n<ul>\n<li><strong>La hojarasca<\/strong>, de Macu Mach\u00edn, ens acosta al retrobament de tres germanes a La Palma per a repartir-se una her\u00e8ncia familiar, una situaci\u00f3 ja de per s\u00ed prou conflictiva com per a damunt afegir-hi l\u2019amena\u00e7a que les terres per les quals discuteixen poden acabar sepultades pel volc\u00e0 de l\u2019illa.<\/li>\n<\/ul>\n<p>&nbsp;<\/p>\n<ul>\n<li><strong>Kix<\/strong>, dirigida per David Mikul\u00e1n i B\u00e1lint R\u00e9vesz, podria dur l\u2019etiqueta de ser una pel\u00b7l\u00edcula coming-of-age si el g\u00e8nere admet\u00e9s la cruesa amb qu\u00e8 s\u2019explica aqu\u00ed l\u2019entrada a la vida adulta de Sanyi, inicialment un infant m\u00e9s que transita un carrer qualsevol de Budapest per\u00f2 que acaba convertit en un jove sense cap tipus d\u2019il\u00b7lusi\u00f3.<\/li>\n<\/ul>\n<p>&nbsp;<\/p>\n<ul>\n<li><strong>Malqueridas,<\/strong> dirigida per Tana Gilbert. Aqu\u00ed la proposta \u00e9s endinsar-nos en un centre penitenciari de Xile per presenciar les converses quotidianes d\u2019un grup de dones que, tot i el context, comparteixen preocupacions i tamb\u00e9 vincles que parlen tant d\u2019empoderament com de resist\u00e8ncia.<\/li>\n<\/ul>\n<p>&nbsp;<\/p>\n<ul>\n<li><strong>La laguna del soldado<\/strong>, de Pablo \u00c1lvarez-Mesa. 200 anys despr\u00e9s de l\u2019alliberament colombi\u00e0 de Sim\u00f3n Bol\u00edvar, el documental ens convida a tornar-hi a la recerca de la seva petjada per reflexionar sobre com afecten els fets hist\u00f2rics a la realitat de determinats llocs.<\/li>\n<\/ul>\n<p>&nbsp;<\/p>\n<ul>\n<li><strong>Objeto de estudio<\/strong>, del director Ra\u00fal Alaejos. Aquest documental nom\u00e9s pot ser qualificat \u201cd\u2019aventura d\u2019exploraci\u00f3 antropol\u00f2gica\u201d. I \u00e9s que en ell observam com el seu director empr\u00e8n un viatge a la recerca d\u2019una suposada superra\u00e7a per accedir al Pol Nord ideada per l\u2019explorador nord-americ\u00e0 Robert Peary.<\/li>\n<\/ul>\n<p>&nbsp;<\/p>\n<ul>\n<li><strong>Salvaxe, salvaxe,<\/strong> d\u2019Emilio Fonseca. El protagonista indiscutible d\u2019aquest documental \u00e9s el llop ib\u00e8ric per\u00f2 Salvaxe, salvaxe no t\u00e9 res a veure amb cap altre documental de natura: mites i llegendes, emocions i instint es mesclen en un llargmetratge que difumina els l\u00edmits entre humans i animals.<\/li>\n<\/ul>\n<p>&nbsp;<\/p>\n<p>El jurat d\u2019aquesta secci\u00f3 oficial l\u2019integraran el cineasta menorqu\u00ed <strong>Maci\u00e0 Florit<\/strong>, la directora de Fipadoc, el major festival de documentals de Fran\u00e7a,<strong> Christine Camdessus<\/strong>, i <strong>Marta Azparren<\/strong>, artista i t\u00e8orica del cinema.<\/p>\n<p>&nbsp;<\/p>\n<p>A m\u00e9s, en el marc de la sisena edici\u00f3 de MajorDocs tamb\u00e9 es projectaran <strong>els curtmetratges balears <\/strong>Catalina i Magaluf, de Mar\u00eda Pujalte; Operaci\u00f3n Carlota, de Camilo Moya Mora; Charlie, \u00faltimas palabras, d\u2019Anthony Neitzke; Lis, de Caterina Llabr\u00e9s Massanet, L\u2019home de ferro, d\u2019Ainhoa Cuevas, i Valerya, Gerard, Gery, de Jos\u00e9 Arag\u00f3n, obres que han rebut la mentoria de l\u2019equip de MajorDocs per al seu desenvolupament. Dins d\u2019aquesta secci\u00f3 tamb\u00e9 es podran veure els curtmetratges Madre Nuestra, de David Paredes, En Mesquida, de Miguel Gomila, i Guaret, de Josep Alorda. Tots ells seran valorats per un jurat conformat per la directora, guionista i productora Marta Hierro, pel cineasta Xavi Herrero, tamb\u00e9 director de l\u2019Ibizacinefest, i Cristian Coll, cineasta i director de MenorcaDoc.<\/p>\n<p><strong>\u00a0<\/strong><\/p>\n<p><strong>MAJORDOCS EDUCA<\/strong><\/p>\n<p>&nbsp;<\/p>\n<p><strong>A m\u00e9s, un any m\u00e9s MajorDocs aposta per arribar a tot tipus de p\u00fablics gr\u00e0cies als seus programes EDUCA i COMUNITATS,<\/strong> dirigits a p\u00fablics espec\u00edfics. En el cas d\u2019EDUCA, les pel\u00b7l\u00edcules KIX, Bye bye Tiberias i Malqueridas tendran projeccions especials dirigides a alumnes de diferents centres en tota una s\u00e8rie de sessions matinals que comptaran tamb\u00e9 amb una part de debat, reflexi\u00f3 i di\u00e0leg al voltant d\u2019aquestes cintes. En aquests sentit, el festival tamb\u00e9 contribueix al descobriment actiu per part de l\u2019alumnat del cinema com a art, cultura i creaci\u00f3.<\/p>\n<p>&nbsp;<\/p>\n<p>Com en edicions anteriors,<strong> es duplicaran les projeccions de cada pel\u00b7l\u00edcula <\/strong>per a facilitar l\u2019acc\u00e9s del p\u00fablic a totes elles i, d\u2019acord amb la filosofia del festival, despr\u00e9s de cada passi hi haur\u00e0<strong> una trobada on els espectadors podran establir un di\u00e0leg en persona amb els cineastes<\/strong>.<\/p>\n<p>&nbsp;<\/p>\n<p><strong>INAUGURACI\u00d3<\/strong><\/p>\n<p>&nbsp;<\/p>\n<p>La inauguraci\u00f3 de la sisena edici\u00f3 de MajorDocs tendr\u00e0 lloc dimarts dia 1 d\u2019octubre a partir de les 17:30h a l\u2019Estudi General Lul\u00b7li\u00e0. Ser\u00e0 llavors quan es projecte Sur l\u2019Adamant, pel\u00b7l\u00edcula amb qu\u00e8 el convidat d\u2019honor del festival, Nicolas Philibert, va recollir l\u2019\u00d3s d\u2019Or a Berl\u00edn l\u2019any passat. A partir de les 20:30h es dur\u00e0 a terme l\u2019acte inaugural, que inclour\u00e0 la projecci\u00f3 de T\u00f3tem, curtmetratge del cineasta Maci\u00e0 Florit, i la intervenci\u00f3 ac\u00fastica de Toni Toledo i Mateu Malondra.<\/p>\n<p>&nbsp;<\/p>\n<p><strong>MAJORDOCS <\/strong><\/p>\n<p>&nbsp;<\/p>\n<p><strong>MajorDocs \u00e9s el primer festival internacional de cinema documental de Mallorca, <\/strong>un espai per a descobrir i gaudir d\u2019altres realitats i mirades a trav\u00e9s d\u2019una selecci\u00f3 de documentals escollida a consci\u00e8ncia, amb espais dedicats a la creaci\u00f3 i als creadors com <strong>MajorDocs PRO<\/strong>. Amb tot, el festival MajorDocs aconsegueix contribuir en la reivindicaci\u00f3 de l\u2019illa com un espai directament connectat amb el sector cinematogr\u00e0fic, no nom\u00e9s com a plat\u00f3 o punt de partida de projectes sin\u00f3 tamb\u00e9 com a lloc on debatre i reflexionar sobre les pel\u00b7l\u00edcules.<\/p>\n<p>&nbsp;<\/p>\n<p>MajorDocs \u00e9s un projecte de Mosaic i El Obrador i compta amb el suport de la Conselleria de Turisme, Cultura i Esports del Govern de les Illes Balears, l\u2019Institut d\u2019Estudis Bale\u00e0rics, l\u2019Ajuntament de Palma, la Universitat de les Illes Balears, l\u2019ICAA i Acci\u00f3n Cultural Espa\u00f1ola (AC\/E), a m\u00e9s del patrocini de la Fundaci\u00f3 Mallorca Turisme i la col\u00b7laboraci\u00f3 de l\u2019Hotel Saratoga.<\/p>\n<p>&nbsp;<\/p>\n<p><strong>Pots descarregar-te el programa\u00a0 <a href=\"https:\/\/majordocs.org\/wp-content\/uploads\/2024\/09\/AF-Majordocs-Catalogo-2024-R-rgb-LowR.pdf\" target=\"_blank\" rel=\"noopener\">clicant aqu\u00ed.<\/a><\/strong><\/p>\n","protected":false},"excerpt":{"rendered":"<p>MajorDocs presenta la programaci\u00f3 completa de la seva sisena edici\u00f3 \u00a0 Les pel\u00b7l\u00edcules de la secci\u00f3 oficial provenen de pa\u00efsos com Hongria, Palestina i Xile, entre d\u2019altres, i tracten temes [&hellip;]<\/p>\n","protected":false},"author":2,"featured_media":25384,"comment_status":"closed","ping_status":"closed","sticky":false,"template":"","format":"standard","meta":{"footnotes":""},"categories":[281],"tags":[1284,1283,1441],"year_":[1287],"class_list":["post-25362","post","type-post","status-publish","format-standard","has-post-thumbnail","hentry","category-no-public","tag-cinemadocumental","tag-festivalcinemadocumental","tag-majordocs2024-ca","year_-1287"],"_links":{"self":[{"href":"https:\/\/majordocs.org\/ca\/wp-json\/wp\/v2\/posts\/25362","targetHints":{"allow":["GET"]}}],"collection":[{"href":"https:\/\/majordocs.org\/ca\/wp-json\/wp\/v2\/posts"}],"about":[{"href":"https:\/\/majordocs.org\/ca\/wp-json\/wp\/v2\/types\/post"}],"author":[{"embeddable":true,"href":"https:\/\/majordocs.org\/ca\/wp-json\/wp\/v2\/users\/2"}],"replies":[{"embeddable":true,"href":"https:\/\/majordocs.org\/ca\/wp-json\/wp\/v2\/comments?post=25362"}],"version-history":[{"count":0,"href":"https:\/\/majordocs.org\/ca\/wp-json\/wp\/v2\/posts\/25362\/revisions"}],"wp:featuredmedia":[{"embeddable":true,"href":"https:\/\/majordocs.org\/ca\/wp-json\/wp\/v2\/media\/25384"}],"wp:attachment":[{"href":"https:\/\/majordocs.org\/ca\/wp-json\/wp\/v2\/media?parent=25362"}],"wp:term":[{"taxonomy":"category","embeddable":true,"href":"https:\/\/majordocs.org\/ca\/wp-json\/wp\/v2\/categories?post=25362"},{"taxonomy":"post_tag","embeddable":true,"href":"https:\/\/majordocs.org\/ca\/wp-json\/wp\/v2\/tags?post=25362"},{"taxonomy":"year_","embeddable":true,"href":"https:\/\/majordocs.org\/ca\/wp-json\/wp\/v2\/year_?post=25362"}],"curies":[{"name":"wp","href":"https:\/\/api.w.org\/{rel}","templated":true}]}}