{"id":25361,"date":"2024-09-20T16:22:48","date_gmt":"2024-09-20T14:22:48","guid":{"rendered":"https:\/\/majordocs.org\/discover-the-program-of-the-6th-edition-of-majordocs-es\/"},"modified":"2024-09-20T16:58:31","modified_gmt":"2024-09-20T14:58:31","slug":"discover-the-program-of-the-6th-edition-of-majordocs-es","status":"publish","type":"post","link":"https:\/\/majordocs.org\/es\/discover-the-program-of-the-6th-edition-of-majordocs-es\/","title":{"rendered":"Descubre el programa de la 6a edici\u00f3n de MajorDocs"},"content":{"rendered":"<h3><strong>MajorDocs presenta la programaci\u00f3n completa <\/strong><strong>de su sexta edici\u00f3n<\/strong><\/h3>\n<p>&nbsp;<\/p>\n<ul>\n<li><strong>Las pel\u00edculas de la secci\u00f3n oficial provienen de pa\u00edses como Hungr\u00eda, Palestina y Chile<\/strong>, entre otros, y tratan temas como el peso de la historia, la vida de un grupo de madres en un centro penitenciario o la relaci\u00f3n entre los humanos y la naturaleza.<\/li>\n<\/ul>\n<p>&nbsp;<\/p>\n<ul>\n<li><strong>La pensadora Marta Azparren ofrecer\u00e1 una masterclass<\/strong>, como tambi\u00e9n lo har\u00e1n el cineasta Nicolas Philibert, Oso de Oro en la Berlinale 2023, y el fot\u00f3grafo Mauro Herce, quien recibi\u00f3 el premio Goya por <em>O que arde<\/em>.<\/li>\n<\/ul>\n<p>&nbsp;<\/p>\n<ul>\n<li>La nueva edici\u00f3n del festival de cine documental de Mallorca <strong>se celebrar\u00e1 entre el 1 y el 5 de octubre en Palma<\/strong><\/li>\n<\/ul>\n<p>&nbsp;<\/p>\n<ul>\n<li>Un a\u00f1o m\u00e1s, el festival mantiene su apuesta por <strong>acercar la programaci\u00f3n a los centros educativos con el programa pionero MajorDocs Educa<\/strong><\/li>\n<\/ul>\n<p>&nbsp;<\/p>\n<ul>\n<li><strong>Las jornadas profesionales ponen el foco en la relaci\u00f3n entre quienes filman y los filmados y contar\u00e1n con 50 invitados nacionales e internacionales<\/strong><\/li>\n<\/ul>\n<p>&nbsp;<\/p>\n<p><em>Palma<\/em> &#8211; A poco m\u00e1s de dos semanas para empezar su sexta edici\u00f3n, hoy se ha presentado la programaci\u00f3n completa de <strong>MajorDocs, el festival de cine documental de Mallorca,<\/strong> que se llevar\u00e1 a cabo del 1 al 5 de octubre en Palma. Adem\u00e1s de <strong>las ocho pel\u00edculas que conformar\u00e1n la secci\u00f3n oficial<\/strong>, provenientes de 6 pa\u00edses distintos, este a\u00f1o el festival tambi\u00e9n incorpora<strong> una secci\u00f3n oficial de cortometrajes baleares.<\/strong> Por otro lado, se ha confirmado la presencia de <strong>la pensadora Marta Azparren<\/strong>, quien ofrecer\u00e1 una conferencia bajo el t\u00edtulo \u201cCine ciego\u201d, sobre la importancia del vac\u00edo y la pausa para tomar conciencia de lo que miramos. Por otra parte, en la rueda de prensa que ha tenido lugar hoy en el hotel Saratoga, tambi\u00e9n se han detallado algunas de las novedades de este a\u00f1o, como la puesta en marcha de<strong> las residencias CalmaDocs<\/strong>, con cinco proyectos participantes, o las proyecciones de cortometrajes baleares que conforman la nueva secci\u00f3n a concurso, que incluye nueve t\u00edtulos.<\/p>\n<p>&nbsp;<\/p>\n<p>El director del festival, Miguel Eek, ha presentado la sexta edici\u00f3n del festival, centrada en la fotograf\u00eda y el dispositivo f\u00edlmico y en la relaci\u00f3n entre los que fotograf\u00edan y los que son fotografiados. \u201cTodo esto sin dejar de lado el foco que desde siempre hemos impulsado en MayorDocs,<strong> la reflexi\u00f3n sobre tres elementos: los autores, la creaci\u00f3n y la lentitud<\/strong>\u201d. Eek ha querido tambi\u00e9n poner de relieve que MajorDocs ha servido hasta ahora tambi\u00e9n para generar un primer contacto entre todo tipo de p\u00fablicos y el cine de no ficci\u00f3n, tanto desde centros educativos como desde colectivos vulnerables. Adem\u00e1s, <strong>este a\u00f1o el festival estrena un programa de mentor\u00edas <\/strong>que significar\u00e1 el debut en la realizaci\u00f3n documental por parte de estudiantes de diferentes centros donde se imparten estudios audiovisuales. \u201cEl cine tambi\u00e9n puede ser un detonante de conversaciones sobre el mundo en el que vivimos\u201d, ha explicado el director del festival.<\/p>\n<p>&nbsp;<\/p>\n<p><strong>SECCI\u00d3N OFICIAL<\/strong><\/p>\n<p>&nbsp;<\/p>\n<p>La secci\u00f3n oficial de la sexta edici\u00f3n cuenta con ocho largometrajes de procedencias y tem\u00e1ticas muy diversas, que nos acercan a realidades de todo el mundo desde diferentes perspectivas. Las ocho pel\u00edculas seleccionadas son las siguientes:<\/p>\n<p>&nbsp;<\/p>\n<ul>\n<li><strong>Ote-toi de mi soleil,<\/strong> dirigida por Messaline Raverdy. El protagonista de este largometraje belga es Joseph, un hombre que padece el s\u00edndrome de Di\u00f3genes y al que el cineasta se acerca con una mirada libre de prejuicios para descubrir una lucidez y un humor muy particulares.<\/li>\n<\/ul>\n<p>&nbsp;<\/p>\n<ul>\n<li><strong>Bye bye Tiberias, <\/strong>de la cineasta Lina Soualem. Soualem explora los or\u00edgenes de su madre, la actriz Hiam Abass (<em>Succession<\/em>) para construir una emotiva historia de reencuentros, recuerdos y tambi\u00e9n anhelos entre diferentes generaciones de mujeres palestinas.<\/li>\n<\/ul>\n<p>&nbsp;<\/p>\n<ul>\n<li><strong>La hojarasca, <\/strong>de Macu Mach\u00edn, nos acerca al reencuentro de tres hermanas en La Palma para repartirse una herencia familiar, una situaci\u00f3n conflictiva a la que se a\u00f1ade la amenaza de que las tierras por las que discuten puedan terminar sepultadas por el volc\u00e1n de la isla.<\/li>\n<\/ul>\n<p>&nbsp;<\/p>\n<ul>\n<li><strong>Kix<\/strong>, dirigida por David Mikul\u00e1n y B\u00e1lint R\u00e9vesz, podr\u00eda llevar la etiqueta de ser una pel\u00edcula<em> coming-of-age<\/em> si el g\u00e9nero admitiera la crudeza con la que se explica aqu\u00ed la entrada en la vida adulta de Sanyi, inicialmente un ni\u00f1o m\u00e1s que transita una calle cualquiera de Budapest pero que acaba convertido en un joven sin ning\u00fan tipo de ilusi\u00f3n.<\/li>\n<\/ul>\n<p><strong>\u00a0<\/strong><\/p>\n<ul>\n<li><strong>Malqueridas,<\/strong> dirigida por Tana Gilbert. Aqu\u00ed la propuesta es adentrarnos en un centro penitenciario de Chile para presenciar las conversaciones cotidianas de un grupo de mujeres que, a pesar del contexto, comparten preocupaciones y v\u00ednculos que hablan tanto de empoderamiento como de resistencia.<\/li>\n<\/ul>\n<p>&nbsp;<\/p>\n<ul>\n<li><strong>La laguna del soldado,<\/strong> de Pablo \u00c1lvarez-Mesa. 200 a\u00f1os despu\u00e9s de la liberaci\u00f3n colombiana de Sim\u00f3n Bol\u00edvar, el documental nos invita a volver en busca de su huella para reflexionar sobre c\u00f3mo afectan los hechos hist\u00f3ricos a la realidad de determinados lugares.<\/li>\n<\/ul>\n<p>&nbsp;<\/p>\n<ul>\n<li><strong>Objeto de estudio,<\/strong> del director Ra\u00fal Alaejos. Este documental s\u00f3lo puede ser calificado como una \u201caventura de exploraci\u00f3n antropol\u00f3gica\u201d. Y es que en \u00e9l observamos c\u00f3mo su director emprende un viaje en busca de una supuesta s\u00faper-raza para acceder al Polo Norte, ideada por el explorador estadounidense Robert Peary.<\/li>\n<\/ul>\n<p>&nbsp;<\/p>\n<ul>\n<li><strong>Salvaxe, salvaxe<\/strong>, de Emilio Fonseca. El protagonista indiscutible de este documental es el lobo ib\u00e9rico pero <em>Salvaxe, salvaxe<\/em> nada tiene que ver con ning\u00fan otro documental de naturaleza: mitos y leyendas, emociones e instinto se mezclan en un largometraje que difumina los l\u00edmites entre humanos y animales.<\/li>\n<\/ul>\n<p>&nbsp;<\/p>\n<p>El jurado de esta secci\u00f3n oficial estar\u00e1 integrado por el cineasta menorqu\u00edn <strong>Maci\u00e0 Florit<\/strong>, la directora de Fipadoc, el mayor festival de documentales de Francia, <strong>Christine Camdessus,<\/strong> y <strong>Marta Azparren,<\/strong> artista y te\u00f3rica del cine.<\/p>\n<p>&nbsp;<\/p>\n<p>Adem\u00e1s, en el marco de la sexta edici\u00f3n de MajorDocs tambi\u00e9n se proyectar\u00e1n <strong>los cortometrajes baleares<\/strong> <em>Catalina y Magaluf<\/em>, de Mar\u00eda Pujalte; <em>Operaci\u00f3n Carlota<\/em>, de Camilo Moya Mora; <em>Charlie, \u00faltimas palabras<\/em>, de Anthony Neitzke; <em>Lis<\/em>, de Caterina Llabr\u00e9s Massanet, <em>L\u2019home de ferro<\/em>, de Ainhoa \u200b\u200bCuevas, y <em>Valerya, Gerard, Gery<\/em>, de Jos\u00e9 Arag\u00f3n, obras que han recibido la mentor\u00eda del equipo de MajorDocs para su desarrollo. Dentro de esta secci\u00f3n tambi\u00e9n se podr\u00e1n ver los cortometrajes <em>Madre Nuestra<\/em>, de David Paredes, <em>En Mesquida<\/em>, de Miguel Gomila, y <em>Guaret<\/em>, de Josep Alorda. Todos ellos ser\u00e1n valorados por un jurado conformado por la directora, guionista y productora Marta Hierro, por el cineasta Xavi Herrero, que es tambi\u00e9n director del Ibizacinefest, y Cristian Coll, cineasta y director de MenorcaDoc.<\/p>\n<p>&nbsp;<\/p>\n<p>Adem\u00e1s, un a\u00f1o m\u00e1s<strong> MajorDocs apuesta por llegar a todo tipo de p\u00fablicos gracias a sus programas EDUCA y COMUNITATS<\/strong>, dirigidos a p\u00fablicos espec\u00edficos. En el caso de EDUCA, las pel\u00edculas<em> KIX, Bye bye Tiberias <\/em>y <em>Malqueridas<\/em> tendr\u00e1n proyecciones especiales dirigidas a alumnos de diferentes centros en una serie de sesiones matinales que contar\u00e1n tambi\u00e9n con una parte de debate, reflexi\u00f3n y di\u00e1logo sobre estas cintas. En este sentido, el festival tambi\u00e9n contribuye al descubrimiento activo por parte del alumnado del cine como arte, cultura y creaci\u00f3n.<\/p>\n<p><strong>\u00a0<\/strong><\/p>\n<p>La <strong>inauguraci\u00f3n<\/strong> de la sexta edici\u00f3n de MajorDocs tendr\u00e1 lugar el martes 1 de octubre a partir de las 17:30h en el Estudi General Lul\u00b7li\u00e0. Ser\u00e1 entonces cuando se proyecte <em>Sur l\u2019Adamant<\/em>, pel\u00edcula con la que el invitado de honor del festival, Nicolas Philibert, recogi\u00f3 el Oso de Oro en Berl\u00edn el a\u00f1o pasado. A partir de las 20:30h se llevar\u00e1 a cabo el acto inaugural, que incluir\u00e1 la proyecci\u00f3n de<em> T\u00f3tem<\/em>, cortometraje del cineasta Maci\u00e0 Florit, y la intervenci\u00f3n ac\u00fastica de Toni Toledo y Mateu Malondra.<\/p>\n<p>&nbsp;<\/p>\n<p><strong>MajorDocs es el primer festival internacional de cine documental de Mallorca<\/strong>, un espacio para descubrir y disfrutar de otras realidades y miradas a trav\u00e9s de una selecci\u00f3n de documentales escogida a conciencia, con espacios dedicados a la creaci\u00f3n y a los creadores como <strong>MajorDocs PRO<\/strong>. Adem\u00e1s, el festival MajorDocs consigue contribuir a la reivindicaci\u00f3n de la isla como un espacio directamente conectado con el sector cinematogr\u00e1fico, no s\u00f3lo como plat\u00f3 o punto de partida de proyectos sino tambi\u00e9n como lugar donde debatir y reflexionar sobre las pel\u00edculas .<\/p>\n<p>&nbsp;<\/p>\n<p>MajorDocs es un proyecto de Mosaic y El Obrador y cuenta con el apoyo de la Conselleria de Turisme, Cultura i Esports del Govern de les Illes Balears, del Institut d\u2019Estudis Bale\u00e0rics, el Ajuntament de Palma, la Universitat de les Illes Balears , el ICAA y Acci\u00f3n Cultural Espa\u00f1ola (AC\/E), adem\u00e1s del patrocinio de la Fundaci\u00f3 Mallorca Turisme y la colaboraci\u00f3n del Hotel Saratoga.<\/p>\n","protected":false},"excerpt":{"rendered":"<p>MajorDocs presenta la programaci\u00f3n completa de su sexta edici\u00f3n &nbsp; Las pel\u00edculas de la secci\u00f3n oficial provienen de pa\u00edses como Hungr\u00eda, Palestina y Chile, entre otros, y tratan temas como [&hellip;]<\/p>\n","protected":false},"author":2,"featured_media":25385,"comment_status":"closed","ping_status":"closed","sticky":false,"template":"","format":"standard","meta":{"footnotes":""},"categories":[281],"tags":[1281,1280,1440],"year_":[1287],"class_list":["post-25361","post","type-post","status-publish","format-standard","has-post-thumbnail","hentry","category-no-public","tag-cinedocumental-es","tag-festivalcinedocumental","tag-majordocs2024-es","year_-1287"],"_links":{"self":[{"href":"https:\/\/majordocs.org\/es\/wp-json\/wp\/v2\/posts\/25361","targetHints":{"allow":["GET"]}}],"collection":[{"href":"https:\/\/majordocs.org\/es\/wp-json\/wp\/v2\/posts"}],"about":[{"href":"https:\/\/majordocs.org\/es\/wp-json\/wp\/v2\/types\/post"}],"author":[{"embeddable":true,"href":"https:\/\/majordocs.org\/es\/wp-json\/wp\/v2\/users\/2"}],"replies":[{"embeddable":true,"href":"https:\/\/majordocs.org\/es\/wp-json\/wp\/v2\/comments?post=25361"}],"version-history":[{"count":0,"href":"https:\/\/majordocs.org\/es\/wp-json\/wp\/v2\/posts\/25361\/revisions"}],"wp:featuredmedia":[{"embeddable":true,"href":"https:\/\/majordocs.org\/es\/wp-json\/wp\/v2\/media\/25385"}],"wp:attachment":[{"href":"https:\/\/majordocs.org\/es\/wp-json\/wp\/v2\/media?parent=25361"}],"wp:term":[{"taxonomy":"category","embeddable":true,"href":"https:\/\/majordocs.org\/es\/wp-json\/wp\/v2\/categories?post=25361"},{"taxonomy":"post_tag","embeddable":true,"href":"https:\/\/majordocs.org\/es\/wp-json\/wp\/v2\/tags?post=25361"},{"taxonomy":"year_","embeddable":true,"href":"https:\/\/majordocs.org\/es\/wp-json\/wp\/v2\/year_?post=25361"}],"curies":[{"name":"wp","href":"https:\/\/api.w.org\/{rel}","templated":true}]}}